{"id":1256,"date":"2023-11-08T15:55:47","date_gmt":"2023-11-08T13:55:47","guid":{"rendered":"https:\/\/www.artelatum.com\/diamantene-hochzeit-oder-lieber-allein-als-in-schlechter-gesellschaft-60-jahre-elysee-vertrag\/"},"modified":"2023-11-20T14:28:18","modified_gmt":"2023-11-20T12:28:18","slug":"diamantene-hochzeit-oder-lieber-allein-als-in-schlechter-gesellschaft-60-jahre-elysee-vertrag","status":"publish","type":"post","link":"https:\/\/www.artelatum.com\/de\/diamantene-hochzeit-oder-lieber-allein-als-in-schlechter-gesellschaft-60-jahre-elysee-vertrag\/","title":{"rendered":"Diamantene Hochzeit oder lieber allein als in schlechter Gesellschaft? 60 Jahre \u00c9lys\u00e9e-Vertrag"},"content":{"rendered":"<p>By Fr\u00e9d\u00e9rique Genton, Artelatum, 22\/01\/2023<\/p>\n<p><em><strong>Two generations after the signing of the treaty, the balance is rather mixed. Young<br \/>\npeople in our two countries are worried about their future.<br \/>\nIn order to restore the confidence of the younger generations, declarations of intent,<br \/>\nmore or less followed by effects, are no longer enough.<\/strong><\/em><\/p>\n<p>A stronger Europe also depends on the ability of the men and women of our two<br \/>\ncountries to make the strengths of our systems and markets work in synergy, while<br \/>\nhelping each other to overcome their respective weaknesses.<br \/>\nThe solution could be to go beyond this incomparable cultural pedestal that the<br \/>\n\u00c9lys\u00e9e Treaty represented at the beginning of the glorious 30 years and the Federal<br \/>\nRepublic of Germany. What remains to be done is certainly a concrete acceleration<br \/>\nthrough the Treaty of Aachen:<\/p>\n<ul>\n<li>in the field of health in a broader sense (access to cross-border healthcare,<br \/>\nuniversity medical research, e-health in all its forms)<\/li>\n<li>in relation to climate in a broader sense (energy, sustainability and mobility<br \/>\nissues)<\/li>\n<li>and finally in terms of politics: speeding up the process of integrated Franco-<br \/>\nGerman and European defence, in particular by finding solutions for the<br \/>\nefficient and rapid production of common military equipment, such as Airbus.<\/li>\n<\/ul>\n<p>The atmosphere at this birthday party is not one of confetti throwing, and the<br \/>\npartners are tempted to withdraw.<br \/>\nNevertheless if there is reason for concern, there is also reason for joy.<br \/>\nIn terms of economic relations, Germany remains France&#8217;s main trading partner with<br \/>\na volume of business (13.9% of trade) that could grow even further if companies<br \/>\nmanage to limit the risks of failure in setting up in France or in Germany for French<br \/>\ncompanies.<br \/>\nInvestments between Germany and France remain numerous and the impact of the<br \/>\nCovid crisis was rather positive in that respect, as Germany will be the largest<br \/>\ninvestor in France by 2021.<\/p>\n<p>Another hope: #GermanTech and #FrenchTech as well as a growing number of<br \/>\nGerman SMEs. They approach the step into the partner country without remorse, but<br \/>\nconscientiously prepare for the cultural differences in order to be more successful<br \/>\ntogether.<br \/>\nAdapting to the market, integrating cultural differences in order to turn<br \/>\nmergers and acquisitions into European market leaders is more important than<br \/>\never.<br \/>\nThe time has definitely come to give the Franco-German couple, cement of the<br \/>\nconstruction of Europe necessary impetus by trusting in the pragmatism of the new<br \/>\ngenerations and companies.<br \/>\nIn the end, it is the ability of men and women to develop our mindsets and hence our<br \/>\neconomies that will make the difference.<\/p>\n<p>The challenge remains to approach together, without any cultural preconceptions or<br \/>\ninward-looking attitudes, all the potential for cooperation, by integrating the<\/p>\n<p>challenges and risks, but above all by being aware of the additional chances and<br \/>\nopportunities that they bring.<br \/>\nIn this sense, we will soon be sharing best practices from German and French<br \/>\ncompanies that have succeeded in making a name for themselves on the European<br \/>\nand international markets.<br \/>\nHappy Diamond Wedding to the Franco-German couple. Let&#8217;s prepare together<br \/>\nfor an even happier Platinum Wedding in 2033!<\/p>\n","protected":false},"excerpt":{"rendered":"<p>By Fr\u00e9d\u00e9rique Genton, Artelatum, 22\/01\/2023 Two generations after the signing of the treaty, the balance is rather mixed. Young people in our two countries are worried about their future. In order to restore the confidence of the younger generations, declarations of intent, more or less followed by effects, are no longer enough. A stronger Europe &hellip;<\/p>\n<p class=\"read-more\"> <a class=\"\" href=\"https:\/\/www.artelatum.com\/de\/diamantene-hochzeit-oder-lieber-allein-als-in-schlechter-gesellschaft-60-jahre-elysee-vertrag\/\"> <span class=\"screen-reader-text\">Diamantene Hochzeit oder lieber allein als in schlechter Gesellschaft? 60 Jahre \u00c9lys\u00e9e-Vertrag<\/span> Read More \u00bb<\/a><\/p>\n","protected":false},"author":1,"featured_media":0,"comment_status":"closed","ping_status":"closed","sticky":false,"template":"","format":"standard","meta":{"_uag_custom_page_level_css":"","site-sidebar-layout":"default","site-content-layout":"","ast-site-content-layout":"","site-content-style":"default","site-sidebar-style":"default","ast-global-header-display":"","ast-banner-title-visibility":"","ast-main-header-display":"","ast-hfb-above-header-display":"","ast-hfb-below-header-display":"","ast-hfb-mobile-header-display":"","site-post-title":"","ast-breadcrumbs-content":"","ast-featured-img":"","footer-sml-layout":"","theme-transparent-header-meta":"default","adv-header-id-meta":"","stick-header-meta":"default","header-above-stick-meta":"","header-main-stick-meta":"","header-below-stick-meta":"","astra-migrate-meta-layouts":"","footnotes":""},"categories":[8],"tags":[],"class_list":["post-1256","post","type-post","status-publish","format-standard","hentry","category-unkategorisiert"],"uagb_featured_image_src":{"full":false,"thumbnail":false,"medium":false,"medium_large":false,"large":false,"1536x1536":false,"2048x2048":false},"uagb_author_info":{"display_name":"admin","author_link":"https:\/\/www.artelatum.com\/de\/author\/admin\/"},"uagb_comment_info":0,"uagb_excerpt":"By Fr\u00e9d\u00e9rique Genton, Artelatum, 22\/01\/2023 Two generations after the signing of the treaty, the balance is rather mixed. Young people in our two countries are worried about their future. In order to restore the confidence of the younger generations, declarations of intent, more or less followed by effects, are no longer enough. A stronger Europe&hellip;","_links":{"self":[{"href":"https:\/\/www.artelatum.com\/de\/wp-json\/wp\/v2\/posts\/1256","targetHints":{"allow":["GET"]}}],"collection":[{"href":"https:\/\/www.artelatum.com\/de\/wp-json\/wp\/v2\/posts"}],"about":[{"href":"https:\/\/www.artelatum.com\/de\/wp-json\/wp\/v2\/types\/post"}],"author":[{"embeddable":true,"href":"https:\/\/www.artelatum.com\/de\/wp-json\/wp\/v2\/users\/1"}],"replies":[{"embeddable":true,"href":"https:\/\/www.artelatum.com\/de\/wp-json\/wp\/v2\/comments?post=1256"}],"version-history":[{"count":1,"href":"https:\/\/www.artelatum.com\/de\/wp-json\/wp\/v2\/posts\/1256\/revisions"}],"predecessor-version":[{"id":1257,"href":"https:\/\/www.artelatum.com\/de\/wp-json\/wp\/v2\/posts\/1256\/revisions\/1257"}],"wp:attachment":[{"href":"https:\/\/www.artelatum.com\/de\/wp-json\/wp\/v2\/media?parent=1256"}],"wp:term":[{"taxonomy":"category","embeddable":true,"href":"https:\/\/www.artelatum.com\/de\/wp-json\/wp\/v2\/categories?post=1256"},{"taxonomy":"post_tag","embeddable":true,"href":"https:\/\/www.artelatum.com\/de\/wp-json\/wp\/v2\/tags?post=1256"}],"curies":[{"name":"wp","href":"https:\/\/api.w.org\/{rel}","templated":true}]}}